{"id":3589,"date":"2023-04-26T10:17:53","date_gmt":"2023-04-26T08:17:53","guid":{"rendered":"https:\/\/amueblacooperacion.es\/?p=3589"},"modified":"2023-11-16T11:25:46","modified_gmt":"2023-11-16T10:25:46","slug":"amuebla-annual-assembly","status":"publish","type":"post","link":"https:\/\/amueblacooperacion.es\/en\/amuebla-annual-assembly\/","title":{"rendered":"AMUEBLA Annual Assembly"},"content":{"rendered":"\n<p>Today, the Innovative Business Grouping of Furniture Manufacturers and Related Industries of the Region of Murcia(AMUEBLA) held its annual meeting together with the members of the assembly.<\/p>\n\n\n\n<p>This association, founded with the aim of uniting companies in the furniture and wood sector in the region, brought together its members to discuss the progress and challenges of the past year, as well as to set goals and objectives for the future.<\/p>\n\n\n\n<p>During the meeting, they had the opportunity to present the new strategic plan for the coming years, which will focus on improving the education and training of workers in the sector, strengthening relations with suppliers and customers, as well as promoting and disseminating quality and innovation in the production of furniture and wood products.<\/p>\n\n\n\n<p>La reuni\u00f3n ha resultado un \u00e9xito, ya que los miembros se han mostrado positivos ante las oportunidades y desaf\u00edos que se avecinan. La asociaci\u00f3n sigue siendo un ejemplo de c\u00f3mo la colaboraci\u00f3n entre empresas puede ayudar a mejorar el sector y a garantizar su crecimiento y sostenibilidad a largo plazo.<\/p>\n\n\n\n<figure class=\"wp-block-image size-large is-resized\"><img loading=\"lazy\" src=\"https:\/\/amueblacooperacion.es\/files\/\/JUNTA-DIRECTIVA-AMUEBLA-2023-1-1-1024x683.jpg\" alt=\"\" class=\"wp-image-2626\" width=\"512\" height=\"342\" srcset=\"https:\/\/amueblacooperacion.es\/files\/JUNTA-DIRECTIVA-AMUEBLA-2023-1-1-1024x683.jpg 1024w, https:\/\/amueblacooperacion.es\/files\/JUNTA-DIRECTIVA-AMUEBLA-2023-1-1-300x200.jpg 300w, https:\/\/amueblacooperacion.es\/files\/JUNTA-DIRECTIVA-AMUEBLA-2023-1-1-768x512.jpg 768w, https:\/\/amueblacooperacion.es\/files\/JUNTA-DIRECTIVA-AMUEBLA-2023-1-1-1536x1024.jpg 1536w, https:\/\/amueblacooperacion.es\/files\/JUNTA-DIRECTIVA-AMUEBLA-2023-1-1-2048x1365.jpg 2048w\" sizes=\"(max-width: 512px) 100vw, 512px\" \/><\/figure>\n\n\n\n<figure class=\"wp-block-image size-large is-resized\"><img loading=\"lazy\" src=\"https:\/\/amueblacooperacion.es\/files\/\/JUNTA-DIRECTIVA-AMUEBLA-2023-5-1024x683.jpg\" alt=\"\" class=\"wp-image-2628\" width=\"512\" height=\"342\" srcset=\"https:\/\/amueblacooperacion.es\/files\/JUNTA-DIRECTIVA-AMUEBLA-2023-5-1024x683.jpg 1024w, https:\/\/amueblacooperacion.es\/files\/JUNTA-DIRECTIVA-AMUEBLA-2023-5-300x200.jpg 300w, https:\/\/amueblacooperacion.es\/files\/JUNTA-DIRECTIVA-AMUEBLA-2023-5-768x512.jpg 768w, https:\/\/amueblacooperacion.es\/files\/JUNTA-DIRECTIVA-AMUEBLA-2023-5-1536x1024.jpg 1536w, https:\/\/amueblacooperacion.es\/files\/JUNTA-DIRECTIVA-AMUEBLA-2023-5-2048x1365.jpg 2048w\" sizes=\"(max-width: 512px) 100vw, 512px\" \/><\/figure>\n","protected":false},"excerpt":{"rendered":"<p>Today, the Innovative Business Grouping of Furniture Manufacturers and Related Industries of the Region of Murcia(AMUEBLA) held its annual meeting together with the members of<\/p>\n","protected":false},"author":3,"featured_media":2627,"comment_status":"closed","ping_status":"open","sticky":false,"template":"","format":"standard","meta":{"inline_featured_image":false},"categories":[158],"tags":[175,168,166,172],"acf":[],"_links":{"self":[{"href":"https:\/\/amueblacooperacion.es\/en\/wp-json\/wp\/v2\/posts\/3589"}],"collection":[{"href":"https:\/\/amueblacooperacion.es\/en\/wp-json\/wp\/v2\/posts"}],"about":[{"href":"https:\/\/amueblacooperacion.es\/en\/wp-json\/wp\/v2\/types\/post"}],"author":[{"embeddable":true,"href":"https:\/\/amueblacooperacion.es\/en\/wp-json\/wp\/v2\/users\/3"}],"replies":[{"embeddable":true,"href":"https:\/\/amueblacooperacion.es\/en\/wp-json\/wp\/v2\/comments?post=3589"}],"version-history":[{"count":1,"href":"https:\/\/amueblacooperacion.es\/en\/wp-json\/wp\/v2\/posts\/3589\/revisions"}],"predecessor-version":[{"id":3590,"href":"https:\/\/amueblacooperacion.es\/en\/wp-json\/wp\/v2\/posts\/3589\/revisions\/3590"}],"wp:featuredmedia":[{"embeddable":true,"href":"https:\/\/amueblacooperacion.es\/en\/wp-json\/wp\/v2\/media\/2627"}],"wp:attachment":[{"href":"https:\/\/amueblacooperacion.es\/en\/wp-json\/wp\/v2\/media?parent=3589"}],"wp:term":[{"taxonomy":"category","embeddable":true,"href":"https:\/\/amueblacooperacion.es\/en\/wp-json\/wp\/v2\/categories?post=3589"},{"taxonomy":"post_tag","embeddable":true,"href":"https:\/\/amueblacooperacion.es\/en\/wp-json\/wp\/v2\/tags?post=3589"}],"curies":[{"name":"wp","href":"https:\/\/api.w.org\/{rel}","templated":true}]}}