{"id":5673,"date":"2025-02-04T07:52:49","date_gmt":"2025-02-04T06:52:49","guid":{"rendered":"https:\/\/amueblacooperacion.es\/nueva-newsletter-de-mastery-microcredenciales-para-impulsar-las-competencias-verdes\/"},"modified":"2026-08-28T09:32:41","modified_gmt":"2026-08-28T07:32:41","slug":"nueva-newsletter-de-mastery-microcredenciales-para-impulsar-las-competencias-verdes","status":"publish","type":"post","link":"https:\/\/amueblacooperacion.es\/en\/nueva-newsletter-de-mastery-microcredenciales-para-impulsar-las-competencias-verdes\/","title":{"rendered":"New MASTERY newsletter: Microcredentials to boost green skills"},"content":{"rendered":"\n<p class=\"wp-block-paragraph\">The European MASTERY project continues to promote green skills training through micro-credentials, certifications designed to facilitate professional upgrading and re-qualification in sectors such as agri-food, construction, wood\/furniture and manufacturing.<\/p>\n\n\n\n<p class=\"wp-block-paragraph\">In its second newsletter, MASTERY delves into how these credentials can respond to the needs of the labour market, driving sustainability and innovation in the industry. In addition, the project will develop courses and certifications for 12 key green competences, tailored to the new challenges of the sector.<\/p>\n\n\n\n<div data-wp-interactive=\"core\/file\" class=\"wp-block-file\"><object data-wp-bind--hidden=\"!state.hasPdfPreview\" hidden class=\"wp-block-file__embed\" data=\"https:\/\/amueblacooperacion.es\/files\/MASTERY_Newsletter_2_jan_2025.pdf\" type=\"application\/pdf\" style=\"width:100%;height:600px\" aria-label=\"Embed of MASTERY_Newsletter_2_jan_2025.\"><\/object><a id=\"wp-block-file--media-6c26f36f-87c0-4c50-97ea-d879ad5c649d\" href=\"https:\/\/amueblacooperacion.es\/files\/MASTERY_Newsletter_2_jan_2025.pdf\">MASTERY_Newsletter_2_jan_2025<\/a><a href=\"https:\/\/amueblacooperacion.es\/files\/MASTERY_Newsletter_2_jan_2025.pdf\" class=\"wp-block-file__button wp-element-button\" download aria-describedby=\"wp-block-file--media-6c26f36f-87c0-4c50-97ea-d879ad5c649d\">Descarga<\/a><\/div>\n\n\n\n<figure class=\"wp-block-image size-large is-resized\"><img loading=\"lazy\" decoding=\"async\" width=\"1024\" height=\"215\" src=\"https:\/\/amueblacooperacion.es\/files\/EN-Co-Funded-by-the-EU_PANTONE-1024x215.png\" alt=\"\" class=\"wp-image-4127\" style=\"width:945px;height:auto\" srcset=\"https:\/\/amueblacooperacion.es\/files\/EN-Co-Funded-by-the-EU_PANTONE-1024x215.png 1024w, https:\/\/amueblacooperacion.es\/files\/EN-Co-Funded-by-the-EU_PANTONE-300x63.png 300w, https:\/\/amueblacooperacion.es\/files\/EN-Co-Funded-by-the-EU_PANTONE-768x161.png 768w, https:\/\/amueblacooperacion.es\/files\/EN-Co-Funded-by-the-EU_PANTONE-1536x322.png 1536w, https:\/\/amueblacooperacion.es\/files\/EN-Co-Funded-by-the-EU_PANTONE-2048x430.png 2048w\" sizes=\"auto, (max-width: 1024px) 100vw, 1024px\" \/><\/figure>\n\n\n\n<p class=\"has-small-font-size wp-block-paragraph\"><em>Funded by the European Union. Views and opinions expressed are however those of the author(s) only and do not necessarily reflect those of the European Union or the European Education and Culture Executive Agency (EACEA). Neither the European Union nor EACEA can be held responsible for them.<\/em><\/p>\n","protected":false},"excerpt":{"rendered":"<p>\u00a1Lanzamos la 2\u00aa newsletter de #MASTERY! Descubre c\u00f3mo las microcredenciales ayudar\u00e1n a actualizar y recalificar a profesionales con competencias verdes en sectores clave: agroalimentario, construcci\u00f3n, madera\/muebles y fabricaci\u00f3n.<\/p>\n","protected":false},"author":3,"featured_media":5670,"comment_status":"closed","ping_status":"open","sticky":false,"template":"","format":"standard","meta":{"inline_featured_image":false,"footnotes":""},"categories":[158,152],"tags":[147,218,219,220,160],"class_list":["post-5673","post","type-post","status-publish","format-standard","has-post-thumbnail","hentry","category-amuebla-en","category-proyecto-internacional-en","tag-corporate-social-responsibility","tag-mastery-en","tag-microcredenciales-en","tag-microcredentials","tag-responsabilidad-social-corporativa-en","infinite-scroll-item","masonry-post","generate-columns","tablet-grid-50","mobile-grid-100","grid-parent","grid-33"],"acf":[],"_links":{"self":[{"href":"https:\/\/amueblacooperacion.es\/en\/wp-json\/wp\/v2\/posts\/5673","targetHints":{"allow":["GET"]}}],"collection":[{"href":"https:\/\/amueblacooperacion.es\/en\/wp-json\/wp\/v2\/posts"}],"about":[{"href":"https:\/\/amueblacooperacion.es\/en\/wp-json\/wp\/v2\/types\/post"}],"author":[{"embeddable":true,"href":"https:\/\/amueblacooperacion.es\/en\/wp-json\/wp\/v2\/users\/3"}],"replies":[{"embeddable":true,"href":"https:\/\/amueblacooperacion.es\/en\/wp-json\/wp\/v2\/comments?post=5673"}],"version-history":[{"count":2,"href":"https:\/\/amueblacooperacion.es\/en\/wp-json\/wp\/v2\/posts\/5673\/revisions"}],"predecessor-version":[{"id":8011,"href":"https:\/\/amueblacooperacion.es\/en\/wp-json\/wp\/v2\/posts\/5673\/revisions\/8011"}],"wp:featuredmedia":[{"embeddable":true,"href":"https:\/\/amueblacooperacion.es\/en\/wp-json\/wp\/v2\/media\/5670"}],"wp:attachment":[{"href":"https:\/\/amueblacooperacion.es\/en\/wp-json\/wp\/v2\/media?parent=5673"}],"wp:term":[{"taxonomy":"category","embeddable":true,"href":"https:\/\/amueblacooperacion.es\/en\/wp-json\/wp\/v2\/categories?post=5673"},{"taxonomy":"post_tag","embeddable":true,"href":"https:\/\/amueblacooperacion.es\/en\/wp-json\/wp\/v2\/tags?post=5673"}],"curies":[{"name":"wp","href":"https:\/\/api.w.org\/{rel}","templated":true}]}}